{"id":20146,"date":"2024-08-12T10:24:30","date_gmt":"2024-08-12T08:24:30","guid":{"rendered":"https:\/\/airexplore.aero\/?p=20146"},"modified":"2024-10-17T10:26:39","modified_gmt":"2024-10-17T08:26:39","slug":"airexplore-prenajme-4-lietadla-spolocnosti-air-peace","status":"publish","type":"post","link":"https:\/\/airexplore.aero\/sk\/airexplore-prenajme-4-lietadla-spolocnosti-air-peace\/","title":{"rendered":"AirExplore pren\u00e1jme 4 lietadl\u00e1 spolo\u010dnosti Air Peace"},"content":{"rendered":"<p>AirExplore s pote\u0161en\u00edm oznamuje uzavretie zmluvy s nig\u00e9rijskou spolo\u010dnos\u0165ou Air Peace o pren\u00e1jme \u0161tyroch pasa\u017eierskych lietadiel na obdobie v trvan\u00ed november 2024 &#8211; marec 2025. \u0160tyri lietadl\u00e1 B737-800 posilnia kapacity spolo\u010dnosti Air Peace po\u010das zimnej sez\u00f3ny, kde AirExplore v s\u00falade s podmienkami damp-lease zmluvy poskytne lietadl\u00e1, pilotov, \u00fadr\u017ebu a poistenie, pri\u010dom Air Peace zabezpe\u010d\u00ed zvy\u0161n\u00fd palubn\u00fd person\u00e1l.<\/p>\n<p>\u201eUzavretie tejto zmluvy na zimn\u00fa sez\u00f3nu n\u00e1s ve\u013em\u00ed te\u0161\u00ed,\u201c povedal Martin \u0160tulajter, gener\u00e1lny riadite\u013e AirExplore. \u201eNast\u00e1vaj\u00faca spolupr\u00e1ca bude pr\u00ednosn\u00e1 nielen pre z\u00e1kazn\u00edkov n\u00e1\u0161ho klienta, ale tie\u017e posiln\u00ed na\u0161e p\u00f4sobenie na africkom leteckom trhu a z\u00e1rove\u0148 udr\u017e\u00ed v\u00fdnosy spolo\u010dnosti po\u010das n\u00e1ro\u010dn\u00e9ho zimn\u00e9ho obdobia.\u201c<\/p>\n<p>Zmluva bola podp\u00edsan\u00e1 po\u010das ned\u00e1vnej n\u00e1v\u0161tevy Lagosu v Nig\u00e9rii, kde sa Martin \u0160tulajter a gener\u00e1lny riadite\u013e Air Peace, Allen Onyema, dohodli na podmienkach spolupr\u00e1ce. Spolo\u010dnos\u0165 AirExplore poskytla svoje lietadl\u00e1 Air Peace aj v minulosti a \u00fa\u010delom stretnutia bolo roz\u0161\u00edrenie tejto spolupr\u00e1ce.<\/p>\n<p>\u201eTe\u0161\u00edme sa na \u00fazku spolupr\u00e1cu s t\u00edmom Air Peace, ktorej v\u00edziou je podpora vz\u00e1jomn\u00e9ho rastu a \u00faspechu,\u201c povedal Martin \u0160tulajter.<\/p>\n<p>Lietadl\u00e1 AirExplore bud\u00fa b\u00e1zovan\u00e9 v meste Lagos, v Nig\u00e9rii, kde doplnia flotilu Air Peace pozost\u00e1vaj\u00facu z 12 737-800 a \u010fal\u0161\u00edch typov lietadiel leteckej spolo\u010dnosti. Air Peace obsluhuje naj\u013eudnatej\u0161iu krajinu Afriky a prev\u00e1dzkuje trasy po celom kontinente, ako aj destin\u00e1cie v Eur\u00f3pe a na Strednom v\u00fdchode.<\/p>\n","protected":false},"excerpt":{"rendered":"<p>AirExplore s pote\u0161en\u00edm oznamuje uzavretie zmluvy s nig\u00e9rijskou spolo\u010dnos\u0165ou Air Peace o pren\u00e1jme \u0161tyroch pasa\u017eierskych lietadiel na obdobie v trvan\u00ed november 2024 &#8211; marec 2025. \u0160tyri lietadl\u00e1 B737-800 posilnia kapacity spolo\u010dnosti Air Peace po\u010das zimnej sez\u00f3ny, kde AirExplore v s\u00falade s podmienkami damp-lease zmluvy poskytne lietadl\u00e1, pilotov, \u00fadr\u017ebu a poistenie, pri\u010dom Air Peace zabezpe\u010d\u00ed zvy\u0161n\u00fd [&hellip;]<\/p>\n","protected":false},"author":12,"featured_media":20123,"comment_status":"closed","ping_status":"closed","sticky":false,"template":"","format":"standard","meta":{"_acf_changed":false,"inline_featured_image":false,"_monsterinsights_skip_tracking":false,"_monsterinsights_sitenote_active":false,"_monsterinsights_sitenote_note":"","_monsterinsights_sitenote_category":0,"_uf_show_specific_survey":0,"_uf_disable_surveys":false,"footnotes":""},"categories":[50],"tags":[],"class_list":["post-20146","post","type-post","status-publish","format-standard","has-post-thumbnail","hentry","category-uncategorized-sk"],"acf":[],"aioseo_notices":[],"yoast_head":"<!-- This site is optimized with the Yoast SEO plugin v27.2 - https:\/\/yoast.com\/product\/yoast-seo-wordpress\/ -->\n<title>AirExplore pren\u00e1jme 4 lietadl\u00e1 spolo\u010dnosti Air Peace - AirExplore<\/title>\n<meta name=\"robots\" content=\"index, follow, max-snippet:-1, max-image-preview:large, max-video-preview:-1\" \/>\n<link rel=\"canonical\" href=\"https:\/\/airexplore.aero\/sk\/airexplore-prenajme-4-lietadla-spolocnosti-air-peace\/\" \/>\n<meta property=\"og:locale\" content=\"sk_SK\" \/>\n<meta property=\"og:type\" content=\"article\" \/>\n<meta property=\"og:title\" content=\"AirExplore pren\u00e1jme 4 lietadl\u00e1 spolo\u010dnosti Air Peace - AirExplore\" \/>\n<meta property=\"og:description\" content=\"AirExplore s pote\u0161en\u00edm oznamuje uzavretie zmluvy s nig\u00e9rijskou spolo\u010dnos\u0165ou Air Peace o pren\u00e1jme \u0161tyroch pasa\u017eierskych lietadiel na obdobie v trvan\u00ed november 2024 &#8211; marec 2025. \u0160tyri lietadl\u00e1 B737-800 posilnia kapacity spolo\u010dnosti Air Peace po\u010das zimnej sez\u00f3ny, kde AirExplore v s\u00falade s podmienkami damp-lease zmluvy poskytne lietadl\u00e1, pilotov, \u00fadr\u017ebu a poistenie, pri\u010dom Air Peace zabezpe\u010d\u00ed zvy\u0161n\u00fd [&hellip;]\" \/>\n<meta property=\"og:url\" content=\"https:\/\/airexplore.aero\/sk\/airexplore-prenajme-4-lietadla-spolocnosti-air-peace\/\" \/>\n<meta property=\"og:site_name\" content=\"AirExplore\" \/>\n<meta property=\"article:published_time\" content=\"2024-08-12T08:24:30+00:00\" \/>\n<meta property=\"article:modified_time\" content=\"2024-10-17T08:26:39+00:00\" \/>\n<meta property=\"og:image\" content=\"https:\/\/airexplore.aero\/wp-content\/uploads\/2024\/09\/Airexplore_aircraft.jpg\" \/>\n\t<meta property=\"og:image:width\" content=\"2048\" \/>\n\t<meta property=\"og:image:height\" content=\"1366\" \/>\n\t<meta property=\"og:image:type\" content=\"image\/jpeg\" \/>\n<meta name=\"author\" content=\"viktorija.butiakova\" \/>\n<meta name=\"twitter:card\" content=\"summary_large_image\" \/>\n<meta name=\"twitter:label1\" content=\"Autor\" \/>\n\t<meta name=\"twitter:data1\" content=\"viktorija.butiakova\" \/>\n\t<meta name=\"twitter:label2\" content=\"Predpokladan\u00fd \u010das \u010d\u00edtania\" \/>\n\t<meta name=\"twitter:data2\" content=\"2 min\u00faty\" \/>\n<script type=\"application\/ld+json\" class=\"yoast-schema-graph\">{\"@context\":\"https:\/\/schema.org\",\"@graph\":[{\"@type\":\"Article\",\"@id\":\"https:\/\/airexplore.aero\/sk\/airexplore-prenajme-4-lietadla-spolocnosti-air-peace\/#article\",\"isPartOf\":{\"@id\":\"https:\/\/airexplore.aero\/sk\/airexplore-prenajme-4-lietadla-spolocnosti-air-peace\/\"},\"author\":{\"name\":\"viktorija.butiakova\",\"@id\":\"https:\/\/airexplore.aero\/sk\/#\/schema\/person\/361968c275992acf9b4d08204baa30a4\"},\"headline\":\"AirExplore pren\u00e1jme 4 lietadl\u00e1 spolo\u010dnosti Air Peace\",\"datePublished\":\"2024-08-12T08:24:30+00:00\",\"dateModified\":\"2024-10-17T08:26:39+00:00\",\"mainEntityOfPage\":{\"@id\":\"https:\/\/airexplore.aero\/sk\/airexplore-prenajme-4-lietadla-spolocnosti-air-peace\/\"},\"wordCount\":276,\"image\":{\"@id\":\"https:\/\/airexplore.aero\/sk\/airexplore-prenajme-4-lietadla-spolocnosti-air-peace\/#primaryimage\"},\"thumbnailUrl\":\"https:\/\/airexplore.aero\/wp-content\/uploads\/2024\/09\/Airexplore_aircraft.jpg\",\"articleSection\":[\"Uncategorized @sk\"],\"inLanguage\":\"sk-SK\"},{\"@type\":\"WebPage\",\"@id\":\"https:\/\/airexplore.aero\/sk\/airexplore-prenajme-4-lietadla-spolocnosti-air-peace\/\",\"url\":\"https:\/\/airexplore.aero\/sk\/airexplore-prenajme-4-lietadla-spolocnosti-air-peace\/\",\"name\":\"AirExplore pren\u00e1jme 4 lietadl\u00e1 spolo\u010dnosti Air Peace - AirExplore\",\"isPartOf\":{\"@id\":\"https:\/\/airexplore.aero\/sk\/#website\"},\"primaryImageOfPage\":{\"@id\":\"https:\/\/airexplore.aero\/sk\/airexplore-prenajme-4-lietadla-spolocnosti-air-peace\/#primaryimage\"},\"image\":{\"@id\":\"https:\/\/airexplore.aero\/sk\/airexplore-prenajme-4-lietadla-spolocnosti-air-peace\/#primaryimage\"},\"thumbnailUrl\":\"https:\/\/airexplore.aero\/wp-content\/uploads\/2024\/09\/Airexplore_aircraft.jpg\",\"datePublished\":\"2024-08-12T08:24:30+00:00\",\"dateModified\":\"2024-10-17T08:26:39+00:00\",\"author\":{\"@id\":\"https:\/\/airexplore.aero\/sk\/#\/schema\/person\/361968c275992acf9b4d08204baa30a4\"},\"breadcrumb\":{\"@id\":\"https:\/\/airexplore.aero\/sk\/airexplore-prenajme-4-lietadla-spolocnosti-air-peace\/#breadcrumb\"},\"inLanguage\":\"sk-SK\",\"potentialAction\":[{\"@type\":\"ReadAction\",\"target\":[\"https:\/\/airexplore.aero\/sk\/airexplore-prenajme-4-lietadla-spolocnosti-air-peace\/\"]}]},{\"@type\":\"ImageObject\",\"inLanguage\":\"sk-SK\",\"@id\":\"https:\/\/airexplore.aero\/sk\/airexplore-prenajme-4-lietadla-spolocnosti-air-peace\/#primaryimage\",\"url\":\"https:\/\/airexplore.aero\/wp-content\/uploads\/2024\/09\/Airexplore_aircraft.jpg\",\"contentUrl\":\"https:\/\/airexplore.aero\/wp-content\/uploads\/2024\/09\/Airexplore_aircraft.jpg\",\"width\":2048,\"height\":1366},{\"@type\":\"BreadcrumbList\",\"@id\":\"https:\/\/airexplore.aero\/sk\/airexplore-prenajme-4-lietadla-spolocnosti-air-peace\/#breadcrumb\",\"itemListElement\":[{\"@type\":\"ListItem\",\"position\":1,\"name\":\"Home\",\"item\":\"https:\/\/airexplore.aero\/sk\/\"},{\"@type\":\"ListItem\",\"position\":2,\"name\":\"AirExplore pren\u00e1jme 4 lietadl\u00e1 spolo\u010dnosti Air Peace\"}]},{\"@type\":\"WebSite\",\"@id\":\"https:\/\/airexplore.aero\/sk\/#website\",\"url\":\"https:\/\/airexplore.aero\/sk\/\",\"name\":\"AirExplore\",\"description\":\"\",\"potentialAction\":[{\"@type\":\"SearchAction\",\"target\":{\"@type\":\"EntryPoint\",\"urlTemplate\":\"https:\/\/airexplore.aero\/sk\/?s={search_term_string}\"},\"query-input\":{\"@type\":\"PropertyValueSpecification\",\"valueRequired\":true,\"valueName\":\"search_term_string\"}}],\"inLanguage\":\"sk-SK\"},{\"@type\":\"Person\",\"@id\":\"https:\/\/airexplore.aero\/sk\/#\/schema\/person\/361968c275992acf9b4d08204baa30a4\",\"name\":\"viktorija.butiakova\",\"image\":{\"@type\":\"ImageObject\",\"inLanguage\":\"sk-SK\",\"@id\":\"https:\/\/secure.gravatar.com\/avatar\/c84bdc3fdf250648836e9c662ead8abc0245fc6f1393fca817851e3cef95f12d?s=96&d=mm&r=g\",\"url\":\"https:\/\/secure.gravatar.com\/avatar\/c84bdc3fdf250648836e9c662ead8abc0245fc6f1393fca817851e3cef95f12d?s=96&d=mm&r=g\",\"contentUrl\":\"https:\/\/secure.gravatar.com\/avatar\/c84bdc3fdf250648836e9c662ead8abc0245fc6f1393fca817851e3cef95f12d?s=96&d=mm&r=g\",\"caption\":\"viktorija.butiakova\"}}]}<\/script>\n<!-- \/ Yoast SEO plugin. -->","yoast_head_json":{"title":"AirExplore pren\u00e1jme 4 lietadl\u00e1 spolo\u010dnosti Air Peace - AirExplore","robots":{"index":"index","follow":"follow","max-snippet":"max-snippet:-1","max-image-preview":"max-image-preview:large","max-video-preview":"max-video-preview:-1"},"canonical":"https:\/\/airexplore.aero\/sk\/airexplore-prenajme-4-lietadla-spolocnosti-air-peace\/","og_locale":"sk_SK","og_type":"article","og_title":"AirExplore pren\u00e1jme 4 lietadl\u00e1 spolo\u010dnosti Air Peace - AirExplore","og_description":"AirExplore s pote\u0161en\u00edm oznamuje uzavretie zmluvy s nig\u00e9rijskou spolo\u010dnos\u0165ou Air Peace o pren\u00e1jme \u0161tyroch pasa\u017eierskych lietadiel na obdobie v trvan\u00ed november 2024 &#8211; marec 2025. \u0160tyri lietadl\u00e1 B737-800 posilnia kapacity spolo\u010dnosti Air Peace po\u010das zimnej sez\u00f3ny, kde AirExplore v s\u00falade s podmienkami damp-lease zmluvy poskytne lietadl\u00e1, pilotov, \u00fadr\u017ebu a poistenie, pri\u010dom Air Peace zabezpe\u010d\u00ed zvy\u0161n\u00fd [&hellip;]","og_url":"https:\/\/airexplore.aero\/sk\/airexplore-prenajme-4-lietadla-spolocnosti-air-peace\/","og_site_name":"AirExplore","article_published_time":"2024-08-12T08:24:30+00:00","article_modified_time":"2024-10-17T08:26:39+00:00","og_image":[{"width":2048,"height":1366,"url":"https:\/\/airexplore.aero\/wp-content\/uploads\/2024\/09\/Airexplore_aircraft.jpg","type":"image\/jpeg"}],"author":"viktorija.butiakova","twitter_card":"summary_large_image","twitter_misc":{"Autor":"viktorija.butiakova","Predpokladan\u00fd \u010das \u010d\u00edtania":"2 min\u00faty"},"schema":{"@context":"https:\/\/schema.org","@graph":[{"@type":"Article","@id":"https:\/\/airexplore.aero\/sk\/airexplore-prenajme-4-lietadla-spolocnosti-air-peace\/#article","isPartOf":{"@id":"https:\/\/airexplore.aero\/sk\/airexplore-prenajme-4-lietadla-spolocnosti-air-peace\/"},"author":{"name":"viktorija.butiakova","@id":"https:\/\/airexplore.aero\/sk\/#\/schema\/person\/361968c275992acf9b4d08204baa30a4"},"headline":"AirExplore pren\u00e1jme 4 lietadl\u00e1 spolo\u010dnosti Air Peace","datePublished":"2024-08-12T08:24:30+00:00","dateModified":"2024-10-17T08:26:39+00:00","mainEntityOfPage":{"@id":"https:\/\/airexplore.aero\/sk\/airexplore-prenajme-4-lietadla-spolocnosti-air-peace\/"},"wordCount":276,"image":{"@id":"https:\/\/airexplore.aero\/sk\/airexplore-prenajme-4-lietadla-spolocnosti-air-peace\/#primaryimage"},"thumbnailUrl":"https:\/\/airexplore.aero\/wp-content\/uploads\/2024\/09\/Airexplore_aircraft.jpg","articleSection":["Uncategorized @sk"],"inLanguage":"sk-SK"},{"@type":"WebPage","@id":"https:\/\/airexplore.aero\/sk\/airexplore-prenajme-4-lietadla-spolocnosti-air-peace\/","url":"https:\/\/airexplore.aero\/sk\/airexplore-prenajme-4-lietadla-spolocnosti-air-peace\/","name":"AirExplore pren\u00e1jme 4 lietadl\u00e1 spolo\u010dnosti Air Peace - AirExplore","isPartOf":{"@id":"https:\/\/airexplore.aero\/sk\/#website"},"primaryImageOfPage":{"@id":"https:\/\/airexplore.aero\/sk\/airexplore-prenajme-4-lietadla-spolocnosti-air-peace\/#primaryimage"},"image":{"@id":"https:\/\/airexplore.aero\/sk\/airexplore-prenajme-4-lietadla-spolocnosti-air-peace\/#primaryimage"},"thumbnailUrl":"https:\/\/airexplore.aero\/wp-content\/uploads\/2024\/09\/Airexplore_aircraft.jpg","datePublished":"2024-08-12T08:24:30+00:00","dateModified":"2024-10-17T08:26:39+00:00","author":{"@id":"https:\/\/airexplore.aero\/sk\/#\/schema\/person\/361968c275992acf9b4d08204baa30a4"},"breadcrumb":{"@id":"https:\/\/airexplore.aero\/sk\/airexplore-prenajme-4-lietadla-spolocnosti-air-peace\/#breadcrumb"},"inLanguage":"sk-SK","potentialAction":[{"@type":"ReadAction","target":["https:\/\/airexplore.aero\/sk\/airexplore-prenajme-4-lietadla-spolocnosti-air-peace\/"]}]},{"@type":"ImageObject","inLanguage":"sk-SK","@id":"https:\/\/airexplore.aero\/sk\/airexplore-prenajme-4-lietadla-spolocnosti-air-peace\/#primaryimage","url":"https:\/\/airexplore.aero\/wp-content\/uploads\/2024\/09\/Airexplore_aircraft.jpg","contentUrl":"https:\/\/airexplore.aero\/wp-content\/uploads\/2024\/09\/Airexplore_aircraft.jpg","width":2048,"height":1366},{"@type":"BreadcrumbList","@id":"https:\/\/airexplore.aero\/sk\/airexplore-prenajme-4-lietadla-spolocnosti-air-peace\/#breadcrumb","itemListElement":[{"@type":"ListItem","position":1,"name":"Home","item":"https:\/\/airexplore.aero\/sk\/"},{"@type":"ListItem","position":2,"name":"AirExplore pren\u00e1jme 4 lietadl\u00e1 spolo\u010dnosti Air Peace"}]},{"@type":"WebSite","@id":"https:\/\/airexplore.aero\/sk\/#website","url":"https:\/\/airexplore.aero\/sk\/","name":"AirExplore","description":"","potentialAction":[{"@type":"SearchAction","target":{"@type":"EntryPoint","urlTemplate":"https:\/\/airexplore.aero\/sk\/?s={search_term_string}"},"query-input":{"@type":"PropertyValueSpecification","valueRequired":true,"valueName":"search_term_string"}}],"inLanguage":"sk-SK"},{"@type":"Person","@id":"https:\/\/airexplore.aero\/sk\/#\/schema\/person\/361968c275992acf9b4d08204baa30a4","name":"viktorija.butiakova","image":{"@type":"ImageObject","inLanguage":"sk-SK","@id":"https:\/\/secure.gravatar.com\/avatar\/c84bdc3fdf250648836e9c662ead8abc0245fc6f1393fca817851e3cef95f12d?s=96&d=mm&r=g","url":"https:\/\/secure.gravatar.com\/avatar\/c84bdc3fdf250648836e9c662ead8abc0245fc6f1393fca817851e3cef95f12d?s=96&d=mm&r=g","contentUrl":"https:\/\/secure.gravatar.com\/avatar\/c84bdc3fdf250648836e9c662ead8abc0245fc6f1393fca817851e3cef95f12d?s=96&d=mm&r=g","caption":"viktorija.butiakova"}}]}},"_links":{"self":[{"href":"https:\/\/airexplore.aero\/sk\/wp-json\/wp\/v2\/posts\/20146","targetHints":{"allow":["GET"]}}],"collection":[{"href":"https:\/\/airexplore.aero\/sk\/wp-json\/wp\/v2\/posts"}],"about":[{"href":"https:\/\/airexplore.aero\/sk\/wp-json\/wp\/v2\/types\/post"}],"author":[{"embeddable":true,"href":"https:\/\/airexplore.aero\/sk\/wp-json\/wp\/v2\/users\/12"}],"replies":[{"embeddable":true,"href":"https:\/\/airexplore.aero\/sk\/wp-json\/wp\/v2\/comments?post=20146"}],"version-history":[{"count":1,"href":"https:\/\/airexplore.aero\/sk\/wp-json\/wp\/v2\/posts\/20146\/revisions"}],"predecessor-version":[{"id":20147,"href":"https:\/\/airexplore.aero\/sk\/wp-json\/wp\/v2\/posts\/20146\/revisions\/20147"}],"wp:featuredmedia":[{"embeddable":true,"href":"https:\/\/airexplore.aero\/sk\/wp-json\/wp\/v2\/media\/20123"}],"wp:attachment":[{"href":"https:\/\/airexplore.aero\/sk\/wp-json\/wp\/v2\/media?parent=20146"}],"wp:term":[{"taxonomy":"category","embeddable":true,"href":"https:\/\/airexplore.aero\/sk\/wp-json\/wp\/v2\/categories?post=20146"},{"taxonomy":"post_tag","embeddable":true,"href":"https:\/\/airexplore.aero\/sk\/wp-json\/wp\/v2\/tags?post=20146"}],"curies":[{"name":"wp","href":"https:\/\/api.w.org\/{rel}","templated":true}]}}