{"id":10505,"date":"2019-05-28T13:13:26","date_gmt":"2019-05-28T11:13:26","guid":{"rendered":"http:\/\/airexplore.studioecht.com\/delivery-of-our-7th-ng-b737-800-om-lex\/"},"modified":"2020-07-06T17:22:57","modified_gmt":"2020-07-06T15:22:57","slug":"dodanie-nasho-siedmeho-ng-b737-800-om-lex","status":"publish","type":"post","link":"https:\/\/airexplore.aero\/sk\/dodanie-nasho-siedmeho-ng-b737-800-om-lex\/","title":{"rendered":"Dodanie n\u00e1\u0161ho siedmeho NG, B737-800, OM-LEX"},"content":{"rendered":"<p>Sme hrd\u00ed na to, \u017ee m\u00f4\u017eeme priv\u00edta\u0165 n\u00e1\u0161 siedmy Boeing B737-800 do flotily AirExplore.<\/p>\n<p>Prajeme ti ve\u013ea \u0161\u0165astn\u00fdch prist\u00e1t\u00ed OM-LEX.<\/p>\n<p><img loading=\"lazy\" decoding=\"async\" class=\"wp-image-4508 aligncenter\" src=\"https:\/\/airexplore.aero\/wp-content\/uploads\/2019\/05\/om-lex2-300x233.jpg\" alt=\"\" width=\"503\" height=\"390\" srcset=\"https:\/\/airexplore.aero\/wp-content\/uploads\/2019\/05\/om-lex2-300x233.jpg 300w, https:\/\/airexplore.aero\/wp-content\/uploads\/2019\/05\/om-lex2-768x597.jpg 768w, https:\/\/airexplore.aero\/wp-content\/uploads\/2019\/05\/om-lex2-1024x796.jpg 1024w, https:\/\/airexplore.aero\/wp-content\/uploads\/2019\/05\/om-lex2-64x50.jpg 64w, https:\/\/airexplore.aero\/wp-content\/uploads\/2019\/05\/om-lex2-93x72.jpg 93w, https:\/\/airexplore.aero\/wp-content\/uploads\/2019\/05\/om-lex2-450x350.jpg 450w, https:\/\/airexplore.aero\/wp-content\/uploads\/2019\/05\/om-lex2-272x211.jpg 272w, https:\/\/airexplore.aero\/wp-content\/uploads\/2019\/05\/om-lex2-58x45.jpg 58w, https:\/\/airexplore.aero\/wp-content\/uploads\/2019\/05\/om-lex2-116x90.jpg 116w, https:\/\/airexplore.aero\/wp-content\/uploads\/2019\/05\/om-lex2-1270x987.jpg 1270w\" sizes=\"auto, (max-width: 503px) 100vw, 503px\" \/><\/p>\n<p><img loading=\"lazy\" decoding=\"async\" class=\"wp-image-4592 aligncenter\" src=\"https:\/\/airexplore.aero\/wp-content\/uploads\/2019\/05\/om-lex-1-300x225.jpg\" alt=\"\" width=\"505\" height=\"379\" srcset=\"https:\/\/airexplore.aero\/wp-content\/uploads\/2019\/05\/om-lex-1-300x225.jpg 300w, https:\/\/airexplore.aero\/wp-content\/uploads\/2019\/05\/om-lex-1-768x576.jpg 768w, https:\/\/airexplore.aero\/wp-content\/uploads\/2019\/05\/om-lex-1-1024x768.jpg 1024w, https:\/\/airexplore.aero\/wp-content\/uploads\/2019\/05\/om-lex-1-67x50.jpg 67w, https:\/\/airexplore.aero\/wp-content\/uploads\/2019\/05\/om-lex-1-96x72.jpg 96w, https:\/\/airexplore.aero\/wp-content\/uploads\/2019\/05\/om-lex-1-467x350.jpg 467w, https:\/\/airexplore.aero\/wp-content\/uploads\/2019\/05\/om-lex-1-272x204.jpg 272w, https:\/\/airexplore.aero\/wp-content\/uploads\/2019\/05\/om-lex-1-60x45.jpg 60w, https:\/\/airexplore.aero\/wp-content\/uploads\/2019\/05\/om-lex-1-120x90.jpg 120w, https:\/\/airexplore.aero\/wp-content\/uploads\/2019\/05\/om-lex-1-1008x756.jpg 1008w, https:\/\/airexplore.aero\/wp-content\/uploads\/2019\/05\/om-lex-1.jpg 2016w\" sizes=\"auto, (max-width: 505px) 100vw, 505px\" \/><\/p>\n<p><img loading=\"lazy\" decoding=\"async\" class=\"wp-image-4593 aligncenter\" src=\"https:\/\/airexplore.aero\/wp-content\/uploads\/2019\/05\/om-lex1-300x225.jpg\" alt=\"\" width=\"503\" height=\"378\" srcset=\"https:\/\/airexplore.aero\/wp-content\/uploads\/2019\/05\/om-lex1-300x225.jpg 300w, https:\/\/airexplore.aero\/wp-content\/uploads\/2019\/05\/om-lex1-768x576.jpg 768w, https:\/\/airexplore.aero\/wp-content\/uploads\/2019\/05\/om-lex1-1024x768.jpg 1024w, https:\/\/airexplore.aero\/wp-content\/uploads\/2019\/05\/om-lex1-67x50.jpg 67w, https:\/\/airexplore.aero\/wp-content\/uploads\/2019\/05\/om-lex1-96x72.jpg 96w, https:\/\/airexplore.aero\/wp-content\/uploads\/2019\/05\/om-lex1-467x350.jpg 467w, https:\/\/airexplore.aero\/wp-content\/uploads\/2019\/05\/om-lex1-272x204.jpg 272w, https:\/\/airexplore.aero\/wp-content\/uploads\/2019\/05\/om-lex1-60x45.jpg 60w, https:\/\/airexplore.aero\/wp-content\/uploads\/2019\/05\/om-lex1-120x90.jpg 120w, https:\/\/airexplore.aero\/wp-content\/uploads\/2019\/05\/om-lex1-1008x756.jpg 1008w, https:\/\/airexplore.aero\/wp-content\/uploads\/2019\/05\/om-lex1.jpg 2016w\" sizes=\"auto, (max-width: 503px) 100vw, 503px\" \/><\/p>\n<p><img loading=\"lazy\" decoding=\"async\" class=\" wp-image-4594 aligncenter\" src=\"https:\/\/airexplore.aero\/wp-content\/uploads\/2019\/05\/om-lex3-e1559041914754-225x300.jpg\" alt=\"\" width=\"499\" height=\"665\" srcset=\"https:\/\/airexplore.aero\/wp-content\/uploads\/2019\/05\/om-lex3-e1559041914754-225x300.jpg 225w, https:\/\/airexplore.aero\/wp-content\/uploads\/2019\/05\/om-lex3-e1559041914754-768x1024.jpg 768w, https:\/\/airexplore.aero\/wp-content\/uploads\/2019\/05\/om-lex3-e1559041914754-38x50.jpg 38w, https:\/\/airexplore.aero\/wp-content\/uploads\/2019\/05\/om-lex3-e1559041914754-54x72.jpg 54w, https:\/\/airexplore.aero\/wp-content\/uploads\/2019\/05\/om-lex3-e1559041914754-263x350.jpg 263w, https:\/\/airexplore.aero\/wp-content\/uploads\/2019\/05\/om-lex3-e1559041914754-262x349.jpg 262w, https:\/\/airexplore.aero\/wp-content\/uploads\/2019\/05\/om-lex3-e1559041914754-34x45.jpg 34w, https:\/\/airexplore.aero\/wp-content\/uploads\/2019\/05\/om-lex3-e1559041914754-68x90.jpg 68w, https:\/\/airexplore.aero\/wp-content\/uploads\/2019\/05\/om-lex3-e1559041914754-1512x2016.jpg 1512w\" sizes=\"auto, (max-width: 499px) 100vw, 499px\" \/><\/p>\n","protected":false},"excerpt":{"rendered":"<p>Sme hrd\u00ed na to, \u017ee m\u00f4\u017eeme priv\u00edta\u0165 n\u00e1\u0161 siedmy Boeing B737-800 do flotily AirExplore. Prajeme ti ve\u013ea \u0161\u0165astn\u00fdch prist\u00e1t\u00ed OM-LEX.<\/p>\n","protected":false},"author":5,"featured_media":8359,"comment_status":"closed","ping_status":"closed","sticky":false,"template":"","format":"standard","meta":{"_acf_changed":false,"inline_featured_image":false,"_monsterinsights_skip_tracking":false,"_monsterinsights_sitenote_active":false,"_monsterinsights_sitenote_note":"","_monsterinsights_sitenote_category":0,"_uf_show_specific_survey":0,"_uf_disable_surveys":false,"footnotes":""},"categories":[50],"tags":[],"class_list":["post-10505","post","type-post","status-publish","format-standard","has-post-thumbnail","hentry","category-uncategorized-sk"],"acf":[],"aioseo_notices":[],"yoast_head":"<!-- This site is optimized with the Yoast SEO plugin v27.2 - https:\/\/yoast.com\/product\/yoast-seo-wordpress\/ -->\n<title>Dodanie n\u00e1\u0161ho siedmeho NG, B737-800, OM-LEX - AirExplore<\/title>\n<meta name=\"robots\" content=\"index, follow, max-snippet:-1, max-image-preview:large, max-video-preview:-1\" \/>\n<link rel=\"canonical\" href=\"https:\/\/airexplore.aero\/sk\/dodanie-nasho-siedmeho-ng-b737-800-om-lex\/\" \/>\n<meta property=\"og:locale\" content=\"sk_SK\" \/>\n<meta property=\"og:type\" content=\"article\" \/>\n<meta property=\"og:title\" content=\"Dodanie n\u00e1\u0161ho siedmeho NG, B737-800, OM-LEX - AirExplore\" \/>\n<meta property=\"og:description\" content=\"Sme hrd\u00ed na to, \u017ee m\u00f4\u017eeme priv\u00edta\u0165 n\u00e1\u0161 siedmy Boeing B737-800 do flotily AirExplore. Prajeme ti ve\u013ea \u0161\u0165astn\u00fdch prist\u00e1t\u00ed OM-LEX.\" \/>\n<meta property=\"og:url\" content=\"https:\/\/airexplore.aero\/sk\/dodanie-nasho-siedmeho-ng-b737-800-om-lex\/\" \/>\n<meta property=\"og:site_name\" content=\"AirExplore\" \/>\n<meta property=\"article:published_time\" content=\"2019-05-28T11:13:26+00:00\" \/>\n<meta property=\"article:modified_time\" content=\"2020-07-06T15:22:57+00:00\" \/>\n<meta property=\"og:image\" content=\"http:\/\/airexplore.aero\/wp-content\/uploads\/2019\/05\/om-lex-1.jpg\" \/>\n\t<meta property=\"og:image:width\" content=\"2016\" \/>\n\t<meta property=\"og:image:height\" content=\"1512\" \/>\n\t<meta property=\"og:image:type\" content=\"image\/jpeg\" \/>\n<meta name=\"author\" content=\"admin\" \/>\n<meta name=\"twitter:card\" content=\"summary_large_image\" \/>\n<meta name=\"twitter:label1\" content=\"Autor\" \/>\n\t<meta name=\"twitter:data1\" content=\"admin\" \/>\n<script type=\"application\/ld+json\" class=\"yoast-schema-graph\">{\"@context\":\"https:\/\/schema.org\",\"@graph\":[{\"@type\":\"Article\",\"@id\":\"https:\/\/airexplore.aero\/sk\/dodanie-nasho-siedmeho-ng-b737-800-om-lex\/#article\",\"isPartOf\":{\"@id\":\"https:\/\/airexplore.aero\/sk\/dodanie-nasho-siedmeho-ng-b737-800-om-lex\/\"},\"author\":{\"name\":\"admin\",\"@id\":\"https:\/\/airexplore.aero\/sk\/#\/schema\/person\/be9cc793bd64a8f1fd7eaf13b733a41c\"},\"headline\":\"Dodanie n\u00e1\u0161ho siedmeho NG, B737-800, OM-LEX\",\"datePublished\":\"2019-05-28T11:13:26+00:00\",\"dateModified\":\"2020-07-06T15:22:57+00:00\",\"mainEntityOfPage\":{\"@id\":\"https:\/\/airexplore.aero\/sk\/dodanie-nasho-siedmeho-ng-b737-800-om-lex\/\"},\"wordCount\":34,\"image\":{\"@id\":\"https:\/\/airexplore.aero\/sk\/dodanie-nasho-siedmeho-ng-b737-800-om-lex\/#primaryimage\"},\"thumbnailUrl\":\"https:\/\/airexplore.aero\/wp-content\/uploads\/2019\/05\/om-lex-1.jpg\",\"articleSection\":[\"Uncategorized @sk\"],\"inLanguage\":\"sk-SK\"},{\"@type\":\"WebPage\",\"@id\":\"https:\/\/airexplore.aero\/sk\/dodanie-nasho-siedmeho-ng-b737-800-om-lex\/\",\"url\":\"https:\/\/airexplore.aero\/sk\/dodanie-nasho-siedmeho-ng-b737-800-om-lex\/\",\"name\":\"Dodanie n\u00e1\u0161ho siedmeho NG, B737-800, OM-LEX - AirExplore\",\"isPartOf\":{\"@id\":\"https:\/\/airexplore.aero\/sk\/#website\"},\"primaryImageOfPage\":{\"@id\":\"https:\/\/airexplore.aero\/sk\/dodanie-nasho-siedmeho-ng-b737-800-om-lex\/#primaryimage\"},\"image\":{\"@id\":\"https:\/\/airexplore.aero\/sk\/dodanie-nasho-siedmeho-ng-b737-800-om-lex\/#primaryimage\"},\"thumbnailUrl\":\"https:\/\/airexplore.aero\/wp-content\/uploads\/2019\/05\/om-lex-1.jpg\",\"datePublished\":\"2019-05-28T11:13:26+00:00\",\"dateModified\":\"2020-07-06T15:22:57+00:00\",\"author\":{\"@id\":\"https:\/\/airexplore.aero\/sk\/#\/schema\/person\/be9cc793bd64a8f1fd7eaf13b733a41c\"},\"breadcrumb\":{\"@id\":\"https:\/\/airexplore.aero\/sk\/dodanie-nasho-siedmeho-ng-b737-800-om-lex\/#breadcrumb\"},\"inLanguage\":\"sk-SK\",\"potentialAction\":[{\"@type\":\"ReadAction\",\"target\":[\"https:\/\/airexplore.aero\/sk\/dodanie-nasho-siedmeho-ng-b737-800-om-lex\/\"]}]},{\"@type\":\"ImageObject\",\"inLanguage\":\"sk-SK\",\"@id\":\"https:\/\/airexplore.aero\/sk\/dodanie-nasho-siedmeho-ng-b737-800-om-lex\/#primaryimage\",\"url\":\"https:\/\/airexplore.aero\/wp-content\/uploads\/2019\/05\/om-lex-1.jpg\",\"contentUrl\":\"https:\/\/airexplore.aero\/wp-content\/uploads\/2019\/05\/om-lex-1.jpg\",\"width\":2016,\"height\":1512},{\"@type\":\"BreadcrumbList\",\"@id\":\"https:\/\/airexplore.aero\/sk\/dodanie-nasho-siedmeho-ng-b737-800-om-lex\/#breadcrumb\",\"itemListElement\":[{\"@type\":\"ListItem\",\"position\":1,\"name\":\"Home\",\"item\":\"https:\/\/airexplore.aero\/sk\/\"},{\"@type\":\"ListItem\",\"position\":2,\"name\":\"Dodanie n\u00e1\u0161ho siedmeho NG, B737-800, OM-LEX\"}]},{\"@type\":\"WebSite\",\"@id\":\"https:\/\/airexplore.aero\/sk\/#website\",\"url\":\"https:\/\/airexplore.aero\/sk\/\",\"name\":\"AirExplore\",\"description\":\"\",\"potentialAction\":[{\"@type\":\"SearchAction\",\"target\":{\"@type\":\"EntryPoint\",\"urlTemplate\":\"https:\/\/airexplore.aero\/sk\/?s={search_term_string}\"},\"query-input\":{\"@type\":\"PropertyValueSpecification\",\"valueRequired\":true,\"valueName\":\"search_term_string\"}}],\"inLanguage\":\"sk-SK\"},{\"@type\":\"Person\",\"@id\":\"https:\/\/airexplore.aero\/sk\/#\/schema\/person\/be9cc793bd64a8f1fd7eaf13b733a41c\",\"name\":\"admin\",\"image\":{\"@type\":\"ImageObject\",\"inLanguage\":\"sk-SK\",\"@id\":\"https:\/\/secure.gravatar.com\/avatar\/cba8b82e3740ab5d69478d171ba3b50e367a16922fefb7b2daf21cbc072a6c5f?s=96&d=mm&r=g\",\"url\":\"https:\/\/secure.gravatar.com\/avatar\/cba8b82e3740ab5d69478d171ba3b50e367a16922fefb7b2daf21cbc072a6c5f?s=96&d=mm&r=g\",\"contentUrl\":\"https:\/\/secure.gravatar.com\/avatar\/cba8b82e3740ab5d69478d171ba3b50e367a16922fefb7b2daf21cbc072a6c5f?s=96&d=mm&r=g\",\"caption\":\"admin\"}}]}<\/script>\n<!-- \/ Yoast SEO plugin. -->","yoast_head_json":{"title":"Dodanie n\u00e1\u0161ho siedmeho NG, B737-800, OM-LEX - AirExplore","robots":{"index":"index","follow":"follow","max-snippet":"max-snippet:-1","max-image-preview":"max-image-preview:large","max-video-preview":"max-video-preview:-1"},"canonical":"https:\/\/airexplore.aero\/sk\/dodanie-nasho-siedmeho-ng-b737-800-om-lex\/","og_locale":"sk_SK","og_type":"article","og_title":"Dodanie n\u00e1\u0161ho siedmeho NG, B737-800, OM-LEX - AirExplore","og_description":"Sme hrd\u00ed na to, \u017ee m\u00f4\u017eeme priv\u00edta\u0165 n\u00e1\u0161 siedmy Boeing B737-800 do flotily AirExplore. Prajeme ti ve\u013ea \u0161\u0165astn\u00fdch prist\u00e1t\u00ed OM-LEX.","og_url":"https:\/\/airexplore.aero\/sk\/dodanie-nasho-siedmeho-ng-b737-800-om-lex\/","og_site_name":"AirExplore","article_published_time":"2019-05-28T11:13:26+00:00","article_modified_time":"2020-07-06T15:22:57+00:00","og_image":[{"width":2016,"height":1512,"url":"http:\/\/airexplore.aero\/wp-content\/uploads\/2019\/05\/om-lex-1.jpg","type":"image\/jpeg"}],"author":"admin","twitter_card":"summary_large_image","twitter_misc":{"Autor":"admin"},"schema":{"@context":"https:\/\/schema.org","@graph":[{"@type":"Article","@id":"https:\/\/airexplore.aero\/sk\/dodanie-nasho-siedmeho-ng-b737-800-om-lex\/#article","isPartOf":{"@id":"https:\/\/airexplore.aero\/sk\/dodanie-nasho-siedmeho-ng-b737-800-om-lex\/"},"author":{"name":"admin","@id":"https:\/\/airexplore.aero\/sk\/#\/schema\/person\/be9cc793bd64a8f1fd7eaf13b733a41c"},"headline":"Dodanie n\u00e1\u0161ho siedmeho NG, B737-800, OM-LEX","datePublished":"2019-05-28T11:13:26+00:00","dateModified":"2020-07-06T15:22:57+00:00","mainEntityOfPage":{"@id":"https:\/\/airexplore.aero\/sk\/dodanie-nasho-siedmeho-ng-b737-800-om-lex\/"},"wordCount":34,"image":{"@id":"https:\/\/airexplore.aero\/sk\/dodanie-nasho-siedmeho-ng-b737-800-om-lex\/#primaryimage"},"thumbnailUrl":"https:\/\/airexplore.aero\/wp-content\/uploads\/2019\/05\/om-lex-1.jpg","articleSection":["Uncategorized @sk"],"inLanguage":"sk-SK"},{"@type":"WebPage","@id":"https:\/\/airexplore.aero\/sk\/dodanie-nasho-siedmeho-ng-b737-800-om-lex\/","url":"https:\/\/airexplore.aero\/sk\/dodanie-nasho-siedmeho-ng-b737-800-om-lex\/","name":"Dodanie n\u00e1\u0161ho siedmeho NG, B737-800, OM-LEX - AirExplore","isPartOf":{"@id":"https:\/\/airexplore.aero\/sk\/#website"},"primaryImageOfPage":{"@id":"https:\/\/airexplore.aero\/sk\/dodanie-nasho-siedmeho-ng-b737-800-om-lex\/#primaryimage"},"image":{"@id":"https:\/\/airexplore.aero\/sk\/dodanie-nasho-siedmeho-ng-b737-800-om-lex\/#primaryimage"},"thumbnailUrl":"https:\/\/airexplore.aero\/wp-content\/uploads\/2019\/05\/om-lex-1.jpg","datePublished":"2019-05-28T11:13:26+00:00","dateModified":"2020-07-06T15:22:57+00:00","author":{"@id":"https:\/\/airexplore.aero\/sk\/#\/schema\/person\/be9cc793bd64a8f1fd7eaf13b733a41c"},"breadcrumb":{"@id":"https:\/\/airexplore.aero\/sk\/dodanie-nasho-siedmeho-ng-b737-800-om-lex\/#breadcrumb"},"inLanguage":"sk-SK","potentialAction":[{"@type":"ReadAction","target":["https:\/\/airexplore.aero\/sk\/dodanie-nasho-siedmeho-ng-b737-800-om-lex\/"]}]},{"@type":"ImageObject","inLanguage":"sk-SK","@id":"https:\/\/airexplore.aero\/sk\/dodanie-nasho-siedmeho-ng-b737-800-om-lex\/#primaryimage","url":"https:\/\/airexplore.aero\/wp-content\/uploads\/2019\/05\/om-lex-1.jpg","contentUrl":"https:\/\/airexplore.aero\/wp-content\/uploads\/2019\/05\/om-lex-1.jpg","width":2016,"height":1512},{"@type":"BreadcrumbList","@id":"https:\/\/airexplore.aero\/sk\/dodanie-nasho-siedmeho-ng-b737-800-om-lex\/#breadcrumb","itemListElement":[{"@type":"ListItem","position":1,"name":"Home","item":"https:\/\/airexplore.aero\/sk\/"},{"@type":"ListItem","position":2,"name":"Dodanie n\u00e1\u0161ho siedmeho NG, B737-800, OM-LEX"}]},{"@type":"WebSite","@id":"https:\/\/airexplore.aero\/sk\/#website","url":"https:\/\/airexplore.aero\/sk\/","name":"AirExplore","description":"","potentialAction":[{"@type":"SearchAction","target":{"@type":"EntryPoint","urlTemplate":"https:\/\/airexplore.aero\/sk\/?s={search_term_string}"},"query-input":{"@type":"PropertyValueSpecification","valueRequired":true,"valueName":"search_term_string"}}],"inLanguage":"sk-SK"},{"@type":"Person","@id":"https:\/\/airexplore.aero\/sk\/#\/schema\/person\/be9cc793bd64a8f1fd7eaf13b733a41c","name":"admin","image":{"@type":"ImageObject","inLanguage":"sk-SK","@id":"https:\/\/secure.gravatar.com\/avatar\/cba8b82e3740ab5d69478d171ba3b50e367a16922fefb7b2daf21cbc072a6c5f?s=96&d=mm&r=g","url":"https:\/\/secure.gravatar.com\/avatar\/cba8b82e3740ab5d69478d171ba3b50e367a16922fefb7b2daf21cbc072a6c5f?s=96&d=mm&r=g","contentUrl":"https:\/\/secure.gravatar.com\/avatar\/cba8b82e3740ab5d69478d171ba3b50e367a16922fefb7b2daf21cbc072a6c5f?s=96&d=mm&r=g","caption":"admin"}}]}},"_links":{"self":[{"href":"https:\/\/airexplore.aero\/sk\/wp-json\/wp\/v2\/posts\/10505","targetHints":{"allow":["GET"]}}],"collection":[{"href":"https:\/\/airexplore.aero\/sk\/wp-json\/wp\/v2\/posts"}],"about":[{"href":"https:\/\/airexplore.aero\/sk\/wp-json\/wp\/v2\/types\/post"}],"author":[{"embeddable":true,"href":"https:\/\/airexplore.aero\/sk\/wp-json\/wp\/v2\/users\/5"}],"replies":[{"embeddable":true,"href":"https:\/\/airexplore.aero\/sk\/wp-json\/wp\/v2\/comments?post=10505"}],"version-history":[{"count":4,"href":"https:\/\/airexplore.aero\/sk\/wp-json\/wp\/v2\/posts\/10505\/revisions"}],"predecessor-version":[{"id":10541,"href":"https:\/\/airexplore.aero\/sk\/wp-json\/wp\/v2\/posts\/10505\/revisions\/10541"}],"wp:featuredmedia":[{"embeddable":true,"href":"https:\/\/airexplore.aero\/sk\/wp-json\/wp\/v2\/media\/8359"}],"wp:attachment":[{"href":"https:\/\/airexplore.aero\/sk\/wp-json\/wp\/v2\/media?parent=10505"}],"wp:term":[{"taxonomy":"category","embeddable":true,"href":"https:\/\/airexplore.aero\/sk\/wp-json\/wp\/v2\/categories?post=10505"},{"taxonomy":"post_tag","embeddable":true,"href":"https:\/\/airexplore.aero\/sk\/wp-json\/wp\/v2\/tags?post=10505"}],"curies":[{"name":"wp","href":"https:\/\/api.w.org\/{rel}","templated":true}]}}