{"id":10500,"date":"2019-05-22T15:14:32","date_gmt":"2019-05-22T13:14:32","guid":{"rendered":"http:\/\/airexplore.studioecht.com\/brand-new-uniforms\/"},"modified":"2020-07-06T15:10:58","modified_gmt":"2020-07-06T13:10:58","slug":"nove-uniformy","status":"publish","type":"post","link":"https:\/\/airexplore.aero\/sk\/nove-uniformy\/","title":{"rendered":"Nov\u00e9 uniformy"},"content":{"rendered":"<p>Na\u0161e pos\u00e1dky s\u00fa hlavn\u00fdmi vyslancami na\u0161ej leteckej spolo\u010dnosti. Je pre n\u00e1s d\u00f4le\u017eit\u00e9, aby sa c\u00edtili a\u00a0vyzerali dokonalo. Nov\u00e9 uniformy AirExplore navrhla uzn\u00e1van\u00e1 slovensk\u00e1 m\u00f3dna n\u00e1vrh\u00e1rka Ema Klein.<\/p>\n","protected":false},"excerpt":{"rendered":"<p>Na\u0161e pos\u00e1dky s\u00fa hlavn\u00fdmi vyslancami na\u0161ej leteckej spolo\u010dnosti. Je pre n\u00e1s d\u00f4le\u017eit\u00e9, aby sa c\u00edtili a\u00a0vyzerali dokonalo. Nov\u00e9 uniformy AirExplore navrhla uzn\u00e1van\u00e1 slovensk\u00e1 m\u00f3dna n\u00e1vrh\u00e1rka Ema Klein.<\/p>\n","protected":false},"author":5,"featured_media":8336,"comment_status":"closed","ping_status":"closed","sticky":false,"template":"","format":"standard","meta":{"_acf_changed":false,"inline_featured_image":false,"_monsterinsights_skip_tracking":false,"_monsterinsights_sitenote_active":false,"_monsterinsights_sitenote_note":"","_monsterinsights_sitenote_category":0,"_uf_show_specific_survey":0,"_uf_disable_surveys":false,"footnotes":""},"categories":[50],"tags":[],"class_list":["post-10500","post","type-post","status-publish","format-standard","has-post-thumbnail","hentry","category-uncategorized-sk"],"acf":[],"aioseo_notices":[],"yoast_head":"<!-- This site is optimized with the Yoast SEO plugin v27.2 - https:\/\/yoast.com\/product\/yoast-seo-wordpress\/ -->\n<title>Nov\u00e9 uniformy - AirExplore<\/title>\n<meta name=\"robots\" content=\"index, follow, max-snippet:-1, max-image-preview:large, max-video-preview:-1\" \/>\n<link rel=\"canonical\" href=\"https:\/\/airexplore.aero\/sk\/nove-uniformy\/\" \/>\n<meta property=\"og:locale\" content=\"sk_SK\" \/>\n<meta property=\"og:type\" content=\"article\" \/>\n<meta property=\"og:title\" content=\"Nov\u00e9 uniformy - AirExplore\" \/>\n<meta property=\"og:description\" content=\"Na\u0161e pos\u00e1dky s\u00fa hlavn\u00fdmi vyslancami na\u0161ej leteckej spolo\u010dnosti. Je pre n\u00e1s d\u00f4le\u017eit\u00e9, aby sa c\u00edtili a\u00a0vyzerali dokonalo. Nov\u00e9 uniformy AirExplore navrhla uzn\u00e1van\u00e1 slovensk\u00e1 m\u00f3dna n\u00e1vrh\u00e1rka Ema Klein.\" \/>\n<meta property=\"og:url\" content=\"https:\/\/airexplore.aero\/sk\/nove-uniformy\/\" \/>\n<meta property=\"og:site_name\" content=\"AirExplore\" \/>\n<meta property=\"article:published_time\" content=\"2019-05-22T13:14:32+00:00\" \/>\n<meta property=\"article:modified_time\" content=\"2020-07-06T13:10:58+00:00\" \/>\n<meta property=\"og:image\" content=\"https:\/\/airexplore.aero\/wp-content\/uploads\/2019\/05\/axe-1024x724.jpg\" \/>\n\t<meta property=\"og:image:width\" content=\"1024\" \/>\n\t<meta property=\"og:image:height\" content=\"724\" \/>\n\t<meta property=\"og:image:type\" content=\"image\/jpeg\" \/>\n<meta name=\"author\" content=\"admin\" \/>\n<meta name=\"twitter:card\" content=\"summary_large_image\" \/>\n<meta name=\"twitter:label1\" content=\"Autor\" \/>\n\t<meta name=\"twitter:data1\" content=\"admin\" \/>\n<script type=\"application\/ld+json\" class=\"yoast-schema-graph\">{\"@context\":\"https:\/\/schema.org\",\"@graph\":[{\"@type\":\"Article\",\"@id\":\"https:\/\/airexplore.aero\/sk\/nove-uniformy\/#article\",\"isPartOf\":{\"@id\":\"https:\/\/airexplore.aero\/sk\/nove-uniformy\/\"},\"author\":{\"name\":\"admin\",\"@id\":\"https:\/\/airexplore.aero\/sk\/#\/schema\/person\/be9cc793bd64a8f1fd7eaf13b733a41c\"},\"headline\":\"Nov\u00e9 uniformy\",\"datePublished\":\"2019-05-22T13:14:32+00:00\",\"dateModified\":\"2020-07-06T13:10:58+00:00\",\"mainEntityOfPage\":{\"@id\":\"https:\/\/airexplore.aero\/sk\/nove-uniformy\/\"},\"wordCount\":43,\"image\":{\"@id\":\"https:\/\/airexplore.aero\/sk\/nove-uniformy\/#primaryimage\"},\"thumbnailUrl\":\"https:\/\/airexplore.aero\/wp-content\/uploads\/2019\/05\/axe.jpg\",\"articleSection\":[\"Uncategorized @sk\"],\"inLanguage\":\"sk-SK\"},{\"@type\":\"WebPage\",\"@id\":\"https:\/\/airexplore.aero\/sk\/nove-uniformy\/\",\"url\":\"https:\/\/airexplore.aero\/sk\/nove-uniformy\/\",\"name\":\"Nov\u00e9 uniformy - AirExplore\",\"isPartOf\":{\"@id\":\"https:\/\/airexplore.aero\/sk\/#website\"},\"primaryImageOfPage\":{\"@id\":\"https:\/\/airexplore.aero\/sk\/nove-uniformy\/#primaryimage\"},\"image\":{\"@id\":\"https:\/\/airexplore.aero\/sk\/nove-uniformy\/#primaryimage\"},\"thumbnailUrl\":\"https:\/\/airexplore.aero\/wp-content\/uploads\/2019\/05\/axe.jpg\",\"datePublished\":\"2019-05-22T13:14:32+00:00\",\"dateModified\":\"2020-07-06T13:10:58+00:00\",\"author\":{\"@id\":\"https:\/\/airexplore.aero\/sk\/#\/schema\/person\/be9cc793bd64a8f1fd7eaf13b733a41c\"},\"breadcrumb\":{\"@id\":\"https:\/\/airexplore.aero\/sk\/nove-uniformy\/#breadcrumb\"},\"inLanguage\":\"sk-SK\",\"potentialAction\":[{\"@type\":\"ReadAction\",\"target\":[\"https:\/\/airexplore.aero\/sk\/nove-uniformy\/\"]}]},{\"@type\":\"ImageObject\",\"inLanguage\":\"sk-SK\",\"@id\":\"https:\/\/airexplore.aero\/sk\/nove-uniformy\/#primaryimage\",\"url\":\"https:\/\/airexplore.aero\/wp-content\/uploads\/2019\/05\/axe.jpg\",\"contentUrl\":\"https:\/\/airexplore.aero\/wp-content\/uploads\/2019\/05\/axe.jpg\",\"width\":3891,\"height\":2752},{\"@type\":\"BreadcrumbList\",\"@id\":\"https:\/\/airexplore.aero\/sk\/nove-uniformy\/#breadcrumb\",\"itemListElement\":[{\"@type\":\"ListItem\",\"position\":1,\"name\":\"Home\",\"item\":\"https:\/\/airexplore.aero\/sk\/\"},{\"@type\":\"ListItem\",\"position\":2,\"name\":\"Nov\u00e9 uniformy\"}]},{\"@type\":\"WebSite\",\"@id\":\"https:\/\/airexplore.aero\/sk\/#website\",\"url\":\"https:\/\/airexplore.aero\/sk\/\",\"name\":\"AirExplore\",\"description\":\"\",\"potentialAction\":[{\"@type\":\"SearchAction\",\"target\":{\"@type\":\"EntryPoint\",\"urlTemplate\":\"https:\/\/airexplore.aero\/sk\/?s={search_term_string}\"},\"query-input\":{\"@type\":\"PropertyValueSpecification\",\"valueRequired\":true,\"valueName\":\"search_term_string\"}}],\"inLanguage\":\"sk-SK\"},{\"@type\":\"Person\",\"@id\":\"https:\/\/airexplore.aero\/sk\/#\/schema\/person\/be9cc793bd64a8f1fd7eaf13b733a41c\",\"name\":\"admin\",\"image\":{\"@type\":\"ImageObject\",\"inLanguage\":\"sk-SK\",\"@id\":\"https:\/\/secure.gravatar.com\/avatar\/cba8b82e3740ab5d69478d171ba3b50e367a16922fefb7b2daf21cbc072a6c5f?s=96&d=mm&r=g\",\"url\":\"https:\/\/secure.gravatar.com\/avatar\/cba8b82e3740ab5d69478d171ba3b50e367a16922fefb7b2daf21cbc072a6c5f?s=96&d=mm&r=g\",\"contentUrl\":\"https:\/\/secure.gravatar.com\/avatar\/cba8b82e3740ab5d69478d171ba3b50e367a16922fefb7b2daf21cbc072a6c5f?s=96&d=mm&r=g\",\"caption\":\"admin\"}}]}<\/script>\n<!-- \/ Yoast SEO plugin. -->","yoast_head_json":{"title":"Nov\u00e9 uniformy - AirExplore","robots":{"index":"index","follow":"follow","max-snippet":"max-snippet:-1","max-image-preview":"max-image-preview:large","max-video-preview":"max-video-preview:-1"},"canonical":"https:\/\/airexplore.aero\/sk\/nove-uniformy\/","og_locale":"sk_SK","og_type":"article","og_title":"Nov\u00e9 uniformy - AirExplore","og_description":"Na\u0161e pos\u00e1dky s\u00fa hlavn\u00fdmi vyslancami na\u0161ej leteckej spolo\u010dnosti. Je pre n\u00e1s d\u00f4le\u017eit\u00e9, aby sa c\u00edtili a\u00a0vyzerali dokonalo. Nov\u00e9 uniformy AirExplore navrhla uzn\u00e1van\u00e1 slovensk\u00e1 m\u00f3dna n\u00e1vrh\u00e1rka Ema Klein.","og_url":"https:\/\/airexplore.aero\/sk\/nove-uniformy\/","og_site_name":"AirExplore","article_published_time":"2019-05-22T13:14:32+00:00","article_modified_time":"2020-07-06T13:10:58+00:00","og_image":[{"width":1024,"height":724,"url":"https:\/\/airexplore.aero\/wp-content\/uploads\/2019\/05\/axe-1024x724.jpg","type":"image\/jpeg"}],"author":"admin","twitter_card":"summary_large_image","twitter_misc":{"Autor":"admin"},"schema":{"@context":"https:\/\/schema.org","@graph":[{"@type":"Article","@id":"https:\/\/airexplore.aero\/sk\/nove-uniformy\/#article","isPartOf":{"@id":"https:\/\/airexplore.aero\/sk\/nove-uniformy\/"},"author":{"name":"admin","@id":"https:\/\/airexplore.aero\/sk\/#\/schema\/person\/be9cc793bd64a8f1fd7eaf13b733a41c"},"headline":"Nov\u00e9 uniformy","datePublished":"2019-05-22T13:14:32+00:00","dateModified":"2020-07-06T13:10:58+00:00","mainEntityOfPage":{"@id":"https:\/\/airexplore.aero\/sk\/nove-uniformy\/"},"wordCount":43,"image":{"@id":"https:\/\/airexplore.aero\/sk\/nove-uniformy\/#primaryimage"},"thumbnailUrl":"https:\/\/airexplore.aero\/wp-content\/uploads\/2019\/05\/axe.jpg","articleSection":["Uncategorized @sk"],"inLanguage":"sk-SK"},{"@type":"WebPage","@id":"https:\/\/airexplore.aero\/sk\/nove-uniformy\/","url":"https:\/\/airexplore.aero\/sk\/nove-uniformy\/","name":"Nov\u00e9 uniformy - AirExplore","isPartOf":{"@id":"https:\/\/airexplore.aero\/sk\/#website"},"primaryImageOfPage":{"@id":"https:\/\/airexplore.aero\/sk\/nove-uniformy\/#primaryimage"},"image":{"@id":"https:\/\/airexplore.aero\/sk\/nove-uniformy\/#primaryimage"},"thumbnailUrl":"https:\/\/airexplore.aero\/wp-content\/uploads\/2019\/05\/axe.jpg","datePublished":"2019-05-22T13:14:32+00:00","dateModified":"2020-07-06T13:10:58+00:00","author":{"@id":"https:\/\/airexplore.aero\/sk\/#\/schema\/person\/be9cc793bd64a8f1fd7eaf13b733a41c"},"breadcrumb":{"@id":"https:\/\/airexplore.aero\/sk\/nove-uniformy\/#breadcrumb"},"inLanguage":"sk-SK","potentialAction":[{"@type":"ReadAction","target":["https:\/\/airexplore.aero\/sk\/nove-uniformy\/"]}]},{"@type":"ImageObject","inLanguage":"sk-SK","@id":"https:\/\/airexplore.aero\/sk\/nove-uniformy\/#primaryimage","url":"https:\/\/airexplore.aero\/wp-content\/uploads\/2019\/05\/axe.jpg","contentUrl":"https:\/\/airexplore.aero\/wp-content\/uploads\/2019\/05\/axe.jpg","width":3891,"height":2752},{"@type":"BreadcrumbList","@id":"https:\/\/airexplore.aero\/sk\/nove-uniformy\/#breadcrumb","itemListElement":[{"@type":"ListItem","position":1,"name":"Home","item":"https:\/\/airexplore.aero\/sk\/"},{"@type":"ListItem","position":2,"name":"Nov\u00e9 uniformy"}]},{"@type":"WebSite","@id":"https:\/\/airexplore.aero\/sk\/#website","url":"https:\/\/airexplore.aero\/sk\/","name":"AirExplore","description":"","potentialAction":[{"@type":"SearchAction","target":{"@type":"EntryPoint","urlTemplate":"https:\/\/airexplore.aero\/sk\/?s={search_term_string}"},"query-input":{"@type":"PropertyValueSpecification","valueRequired":true,"valueName":"search_term_string"}}],"inLanguage":"sk-SK"},{"@type":"Person","@id":"https:\/\/airexplore.aero\/sk\/#\/schema\/person\/be9cc793bd64a8f1fd7eaf13b733a41c","name":"admin","image":{"@type":"ImageObject","inLanguage":"sk-SK","@id":"https:\/\/secure.gravatar.com\/avatar\/cba8b82e3740ab5d69478d171ba3b50e367a16922fefb7b2daf21cbc072a6c5f?s=96&d=mm&r=g","url":"https:\/\/secure.gravatar.com\/avatar\/cba8b82e3740ab5d69478d171ba3b50e367a16922fefb7b2daf21cbc072a6c5f?s=96&d=mm&r=g","contentUrl":"https:\/\/secure.gravatar.com\/avatar\/cba8b82e3740ab5d69478d171ba3b50e367a16922fefb7b2daf21cbc072a6c5f?s=96&d=mm&r=g","caption":"admin"}}]}},"_links":{"self":[{"href":"https:\/\/airexplore.aero\/sk\/wp-json\/wp\/v2\/posts\/10500","targetHints":{"allow":["GET"]}}],"collection":[{"href":"https:\/\/airexplore.aero\/sk\/wp-json\/wp\/v2\/posts"}],"about":[{"href":"https:\/\/airexplore.aero\/sk\/wp-json\/wp\/v2\/types\/post"}],"author":[{"embeddable":true,"href":"https:\/\/airexplore.aero\/sk\/wp-json\/wp\/v2\/users\/5"}],"replies":[{"embeddable":true,"href":"https:\/\/airexplore.aero\/sk\/wp-json\/wp\/v2\/comments?post=10500"}],"version-history":[{"count":1,"href":"https:\/\/airexplore.aero\/sk\/wp-json\/wp\/v2\/posts\/10500\/revisions"}],"predecessor-version":[{"id":10501,"href":"https:\/\/airexplore.aero\/sk\/wp-json\/wp\/v2\/posts\/10500\/revisions\/10501"}],"wp:featuredmedia":[{"embeddable":true,"href":"https:\/\/airexplore.aero\/sk\/wp-json\/wp\/v2\/media\/8336"}],"wp:attachment":[{"href":"https:\/\/airexplore.aero\/sk\/wp-json\/wp\/v2\/media?parent=10500"}],"wp:term":[{"taxonomy":"category","embeddable":true,"href":"https:\/\/airexplore.aero\/sk\/wp-json\/wp\/v2\/categories?post=10500"},{"taxonomy":"post_tag","embeddable":true,"href":"https:\/\/airexplore.aero\/sk\/wp-json\/wp\/v2\/tags?post=10500"}],"curies":[{"name":"wp","href":"https:\/\/api.w.org\/{rel}","templated":true}]}}